{"id":69132,"date":"2018-09-19T14:49:43","date_gmt":"2018-09-19T12:49:43","guid":{"rendered":"https:\/\/idec-grandsud.com\/idec-sante\/lehning-officially-opens-its-2-0-pharmaceutical-factory-designed-and-built-by-pharmadec\/"},"modified":"2018-09-19T14:49:43","modified_gmt":"2018-09-19T12:49:43","slug":"lehning-officially-opens-its-2-0-pharmaceutical-factory-designed-and-built-by-pharmadec","status":"publish","type":"post","link":"https:\/\/idec-sante.com\/en\/lehning-officially-opens-its-2-0-pharmaceutical-factory-designed-and-built-by-pharmadec\/","title":{"rendered":"LEHNING OFFICIALLY OPENS ITS 2.0 PHARMACEUTICAL FACTORY DESIGNED AND BUILT BY PHARMADEC"},"content":{"rendered":"<p style=\"text-align: justify;\"><strong>PHARMADEC, which specialises in the design and construction of turnkey products for those involved in the life sciences and well being, worked with LEHNING LABORATORIES on the extension and reorganisation of its flagship pharmaceutical site in Sainte-Barbe (Moselle). The 7300 m\u00b2 project was officially opened on Friday 14th September in the presence of everyone involved in the construction.<\/strong><\/p>\n","protected":false},"excerpt":{"rendered":"<p>PHARMADEC, which specialises in the design and construction of turnkey products for those involved in the life sciences and well being, worked with LEHNING LABORATORIES on the extension and reorganisation&hellip;<\/p>\n","protected":false},"author":1,"featured_media":69017,"comment_status":"open","ping_status":"open","sticky":false,"template":"","format":"standard","meta":{"inline_featured_image":false,"footnotes":""},"categories":[54],"tags":[],"class_list":["post-69132","post","type-post","status-publish","format-standard","has-post-thumbnail","hentry","category-news"],"yoast_head":"<!-- This site is optimized with the Yoast SEO plugin v27.4 - https:\/\/yoast.com\/product\/yoast-seo-wordpress\/ -->\n<title>LEHNING OFFICIALLY OPENS ITS 2.0 PHARMACEUTICAL FACTORY DESIGNED AND BUILT BY PHARMADEC - IDEC SANT\u00c9<\/title>\n<meta name=\"robots\" content=\"index, follow, max-snippet:-1, max-image-preview:large, max-video-preview:-1\" \/>\n<link rel=\"canonical\" href=\"https:\/\/idec-sante.com\/en\/lehning-officially-opens-its-2-0-pharmaceutical-factory-designed-and-built-by-pharmadec\/\" \/>\n<meta property=\"og:locale\" content=\"en_US\" \/>\n<meta property=\"og:type\" content=\"article\" \/>\n<meta property=\"og:title\" content=\"LEHNING OFFICIALLY OPENS ITS 2.0 PHARMACEUTICAL FACTORY DESIGNED AND BUILT BY PHARMADEC - IDEC SANT\u00c9\" \/>\n<meta property=\"og:description\" content=\"PHARMADEC, which specialises in the design and construction of turnkey products for those involved in the life sciences and well being, worked with LEHNING LABORATORIES on the extension and reorganisation&hellip;\" \/>\n<meta property=\"og:url\" content=\"https:\/\/idec-sante.com\/en\/lehning-officially-opens-its-2-0-pharmaceutical-factory-designed-and-built-by-pharmadec\/\" \/>\n<meta property=\"og:site_name\" content=\"IDEC SANT\u00c9\" \/>\n<meta property=\"article:published_time\" content=\"2018-09-19T12:49:43+00:00\" \/>\n<meta property=\"og:image\" content=\"https:\/\/idec-sante.com\/wp-content\/uploads\/sites\/2\/2022\/03\/photo-dro-lehning-sainte-barbe-57-180919-01.jpg\" \/>\n\t<meta property=\"og:image:width\" content=\"1540\" \/>\n\t<meta property=\"og:image:height\" content=\"866\" \/>\n\t<meta property=\"og:image:type\" content=\"image\/jpeg\" \/>\n<meta name=\"author\" content=\"J-Michel\" \/>\n<meta name=\"twitter:card\" content=\"summary_large_image\" \/>\n<meta name=\"twitter:label1\" content=\"Written by\" \/>\n\t<meta name=\"twitter:data1\" content=\"J-Michel\" \/>\n<script type=\"application\/ld+json\" class=\"yoast-schema-graph\">{\"@context\":\"https:\\\/\\\/schema.org\",\"@graph\":[{\"@type\":\"Article\",\"@id\":\"https:\\\/\\\/idec-sante.com\\\/en\\\/lehning-officially-opens-its-2-0-pharmaceutical-factory-designed-and-built-by-pharmadec\\\/#article\",\"isPartOf\":{\"@id\":\"https:\\\/\\\/idec-sante.com\\\/en\\\/lehning-officially-opens-its-2-0-pharmaceutical-factory-designed-and-built-by-pharmadec\\\/\"},\"author\":{\"name\":\"J-Michel\",\"@id\":\"https:\\\/\\\/idec-sante.com\\\/#\\\/schema\\\/person\\\/5a813b12b606b90093864eabddaf1067\"},\"headline\":\"LEHNING OFFICIALLY OPENS ITS 2.0 PHARMACEUTICAL FACTORY DESIGNED AND BUILT BY PHARMADEC\",\"datePublished\":\"2018-09-19T12:49:43+00:00\",\"mainEntityOfPage\":{\"@id\":\"https:\\\/\\\/idec-sante.com\\\/en\\\/lehning-officially-opens-its-2-0-pharmaceutical-factory-designed-and-built-by-pharmadec\\\/\"},\"wordCount\":68,\"commentCount\":0,\"publisher\":{\"@id\":\"https:\\\/\\\/idec-sante.com\\\/#organization\"},\"image\":{\"@id\":\"https:\\\/\\\/idec-sante.com\\\/en\\\/lehning-officially-opens-its-2-0-pharmaceutical-factory-designed-and-built-by-pharmadec\\\/#primaryimage\"},\"thumbnailUrl\":\"https:\\\/\\\/idec-sante.com\\\/wp-content\\\/uploads\\\/sites\\\/2\\\/2022\\\/03\\\/photo-dro-lehning-sainte-barbe-57-180919-01.jpg\",\"articleSection\":[\"News\"],\"inLanguage\":\"en-US\"},{\"@type\":\"WebPage\",\"@id\":\"https:\\\/\\\/idec-sante.com\\\/en\\\/lehning-officially-opens-its-2-0-pharmaceutical-factory-designed-and-built-by-pharmadec\\\/\",\"url\":\"https:\\\/\\\/idec-sante.com\\\/en\\\/lehning-officially-opens-its-2-0-pharmaceutical-factory-designed-and-built-by-pharmadec\\\/\",\"name\":\"LEHNING OFFICIALLY OPENS ITS 2.0 PHARMACEUTICAL FACTORY DESIGNED AND BUILT BY PHARMADEC - IDEC SANT\u00c9\",\"isPartOf\":{\"@id\":\"https:\\\/\\\/idec-sante.com\\\/#website\"},\"primaryImageOfPage\":{\"@id\":\"https:\\\/\\\/idec-sante.com\\\/en\\\/lehning-officially-opens-its-2-0-pharmaceutical-factory-designed-and-built-by-pharmadec\\\/#primaryimage\"},\"image\":{\"@id\":\"https:\\\/\\\/idec-sante.com\\\/en\\\/lehning-officially-opens-its-2-0-pharmaceutical-factory-designed-and-built-by-pharmadec\\\/#primaryimage\"},\"thumbnailUrl\":\"https:\\\/\\\/idec-sante.com\\\/wp-content\\\/uploads\\\/sites\\\/2\\\/2022\\\/03\\\/photo-dro-lehning-sainte-barbe-57-180919-01.jpg\",\"datePublished\":\"2018-09-19T12:49:43+00:00\",\"breadcrumb\":{\"@id\":\"https:\\\/\\\/idec-sante.com\\\/en\\\/lehning-officially-opens-its-2-0-pharmaceutical-factory-designed-and-built-by-pharmadec\\\/#breadcrumb\"},\"inLanguage\":\"en-US\",\"potentialAction\":[{\"@type\":\"ReadAction\",\"target\":[\"https:\\\/\\\/idec-sante.com\\\/en\\\/lehning-officially-opens-its-2-0-pharmaceutical-factory-designed-and-built-by-pharmadec\\\/\"]}]},{\"@type\":\"ImageObject\",\"inLanguage\":\"en-US\",\"@id\":\"https:\\\/\\\/idec-sante.com\\\/en\\\/lehning-officially-opens-its-2-0-pharmaceutical-factory-designed-and-built-by-pharmadec\\\/#primaryimage\",\"url\":\"https:\\\/\\\/idec-sante.com\\\/wp-content\\\/uploads\\\/sites\\\/2\\\/2022\\\/03\\\/photo-dro-lehning-sainte-barbe-57-180919-01.jpg\",\"contentUrl\":\"https:\\\/\\\/idec-sante.com\\\/wp-content\\\/uploads\\\/sites\\\/2\\\/2022\\\/03\\\/photo-dro-lehning-sainte-barbe-57-180919-01.jpg\",\"width\":1540,\"height\":866},{\"@type\":\"BreadcrumbList\",\"@id\":\"https:\\\/\\\/idec-sante.com\\\/en\\\/lehning-officially-opens-its-2-0-pharmaceutical-factory-designed-and-built-by-pharmadec\\\/#breadcrumb\",\"itemListElement\":[{\"@type\":\"ListItem\",\"position\":1,\"name\":\"Accueil\",\"item\":\"https:\\\/\\\/idec-sante.com\\\/en\\\/\"},{\"@type\":\"ListItem\",\"position\":2,\"name\":\"LEHNING OFFICIALLY OPENS ITS 2.0 PHARMACEUTICAL FACTORY DESIGNED AND BUILT BY PHARMADEC\"}]},{\"@type\":\"WebSite\",\"@id\":\"https:\\\/\\\/idec-sante.com\\\/#website\",\"url\":\"https:\\\/\\\/idec-sante.com\\\/\",\"name\":\"IDEC SANT\u00c9\",\"description\":\"D\u00e9couvrez IDEC SANTE, le sp\u00e9cialiste de la conception et de la construction cl\u00e9 en main de site industriels pharmaceutique, cosm\u00e9tique et de bio-technologie\",\"publisher\":{\"@id\":\"https:\\\/\\\/idec-sante.com\\\/#organization\"},\"potentialAction\":[{\"@type\":\"SearchAction\",\"target\":{\"@type\":\"EntryPoint\",\"urlTemplate\":\"https:\\\/\\\/idec-sante.com\\\/?s={search_term_string}\"},\"query-input\":{\"@type\":\"PropertyValueSpecification\",\"valueRequired\":true,\"valueName\":\"search_term_string\"}}],\"inLanguage\":\"en-US\"},{\"@type\":\"Organization\",\"@id\":\"https:\\\/\\\/idec-sante.com\\\/#organization\",\"name\":\"IDEC SANT\u00c9\",\"url\":\"https:\\\/\\\/idec-sante.com\\\/\",\"logo\":{\"@type\":\"ImageObject\",\"inLanguage\":\"en-US\",\"@id\":\"https:\\\/\\\/idec-sante.com\\\/#\\\/schema\\\/logo\\\/image\\\/\",\"url\":\"https:\\\/\\\/idec-sante.com\\\/wp-content\\\/uploads\\\/sites\\\/2\\\/2021\\\/08\\\/logo-idec-sante-130x155-blc-fond-violet.png\",\"contentUrl\":\"https:\\\/\\\/idec-sante.com\\\/wp-content\\\/uploads\\\/sites\\\/2\\\/2021\\\/08\\\/logo-idec-sante-130x155-blc-fond-violet.png\",\"width\":130,\"height\":155,\"caption\":\"IDEC SANT\u00c9\"},\"image\":{\"@id\":\"https:\\\/\\\/idec-sante.com\\\/#\\\/schema\\\/logo\\\/image\\\/\"},\"sameAs\":[\"https:\\\/\\\/www.linkedin.com\\\/company\\\/idec-sante\\\/\"]},{\"@type\":\"Person\",\"@id\":\"https:\\\/\\\/idec-sante.com\\\/#\\\/schema\\\/person\\\/5a813b12b606b90093864eabddaf1067\",\"name\":\"J-Michel\",\"image\":{\"@type\":\"ImageObject\",\"inLanguage\":\"en-US\",\"@id\":\"https:\\\/\\\/secure.gravatar.com\\\/avatar\\\/8112561cfb89241ffe7ea765b7ec7b5ac1b9e4657aa6f87aec6721658152e18b?s=96&d=mm&r=g\",\"url\":\"https:\\\/\\\/secure.gravatar.com\\\/avatar\\\/8112561cfb89241ffe7ea765b7ec7b5ac1b9e4657aa6f87aec6721658152e18b?s=96&d=mm&r=g\",\"contentUrl\":\"https:\\\/\\\/secure.gravatar.com\\\/avatar\\\/8112561cfb89241ffe7ea765b7ec7b5ac1b9e4657aa6f87aec6721658152e18b?s=96&d=mm&r=g\",\"caption\":\"J-Michel\"},\"sameAs\":[\"https:\\\/\\\/idec-grandsud.com\\\/idec-sante\\\/\"]}]}<\/script>\n<!-- \/ Yoast SEO plugin. -->","yoast_head_json":{"title":"LEHNING OFFICIALLY OPENS ITS 2.0 PHARMACEUTICAL FACTORY DESIGNED AND BUILT BY PHARMADEC - IDEC SANT\u00c9","robots":{"index":"index","follow":"follow","max-snippet":"max-snippet:-1","max-image-preview":"max-image-preview:large","max-video-preview":"max-video-preview:-1"},"canonical":"https:\/\/idec-sante.com\/en\/lehning-officially-opens-its-2-0-pharmaceutical-factory-designed-and-built-by-pharmadec\/","og_locale":"en_US","og_type":"article","og_title":"LEHNING OFFICIALLY OPENS ITS 2.0 PHARMACEUTICAL FACTORY DESIGNED AND BUILT BY PHARMADEC - IDEC SANT\u00c9","og_description":"PHARMADEC, which specialises in the design and construction of turnkey products for those involved in the life sciences and well being, worked with LEHNING LABORATORIES on the extension and reorganisation&hellip;","og_url":"https:\/\/idec-sante.com\/en\/lehning-officially-opens-its-2-0-pharmaceutical-factory-designed-and-built-by-pharmadec\/","og_site_name":"IDEC SANT\u00c9","article_published_time":"2018-09-19T12:49:43+00:00","og_image":[{"width":1540,"height":866,"url":"https:\/\/idec-sante.com\/wp-content\/uploads\/sites\/2\/2022\/03\/photo-dro-lehning-sainte-barbe-57-180919-01.jpg","type":"image\/jpeg"}],"author":"J-Michel","twitter_card":"summary_large_image","twitter_misc":{"Written by":"J-Michel"},"schema":{"@context":"https:\/\/schema.org","@graph":[{"@type":"Article","@id":"https:\/\/idec-sante.com\/en\/lehning-officially-opens-its-2-0-pharmaceutical-factory-designed-and-built-by-pharmadec\/#article","isPartOf":{"@id":"https:\/\/idec-sante.com\/en\/lehning-officially-opens-its-2-0-pharmaceutical-factory-designed-and-built-by-pharmadec\/"},"author":{"name":"J-Michel","@id":"https:\/\/idec-sante.com\/#\/schema\/person\/5a813b12b606b90093864eabddaf1067"},"headline":"LEHNING OFFICIALLY OPENS ITS 2.0 PHARMACEUTICAL FACTORY DESIGNED AND BUILT BY PHARMADEC","datePublished":"2018-09-19T12:49:43+00:00","mainEntityOfPage":{"@id":"https:\/\/idec-sante.com\/en\/lehning-officially-opens-its-2-0-pharmaceutical-factory-designed-and-built-by-pharmadec\/"},"wordCount":68,"commentCount":0,"publisher":{"@id":"https:\/\/idec-sante.com\/#organization"},"image":{"@id":"https:\/\/idec-sante.com\/en\/lehning-officially-opens-its-2-0-pharmaceutical-factory-designed-and-built-by-pharmadec\/#primaryimage"},"thumbnailUrl":"https:\/\/idec-sante.com\/wp-content\/uploads\/sites\/2\/2022\/03\/photo-dro-lehning-sainte-barbe-57-180919-01.jpg","articleSection":["News"],"inLanguage":"en-US"},{"@type":"WebPage","@id":"https:\/\/idec-sante.com\/en\/lehning-officially-opens-its-2-0-pharmaceutical-factory-designed-and-built-by-pharmadec\/","url":"https:\/\/idec-sante.com\/en\/lehning-officially-opens-its-2-0-pharmaceutical-factory-designed-and-built-by-pharmadec\/","name":"LEHNING OFFICIALLY OPENS ITS 2.0 PHARMACEUTICAL FACTORY DESIGNED AND BUILT BY PHARMADEC - IDEC SANT\u00c9","isPartOf":{"@id":"https:\/\/idec-sante.com\/#website"},"primaryImageOfPage":{"@id":"https:\/\/idec-sante.com\/en\/lehning-officially-opens-its-2-0-pharmaceutical-factory-designed-and-built-by-pharmadec\/#primaryimage"},"image":{"@id":"https:\/\/idec-sante.com\/en\/lehning-officially-opens-its-2-0-pharmaceutical-factory-designed-and-built-by-pharmadec\/#primaryimage"},"thumbnailUrl":"https:\/\/idec-sante.com\/wp-content\/uploads\/sites\/2\/2022\/03\/photo-dro-lehning-sainte-barbe-57-180919-01.jpg","datePublished":"2018-09-19T12:49:43+00:00","breadcrumb":{"@id":"https:\/\/idec-sante.com\/en\/lehning-officially-opens-its-2-0-pharmaceutical-factory-designed-and-built-by-pharmadec\/#breadcrumb"},"inLanguage":"en-US","potentialAction":[{"@type":"ReadAction","target":["https:\/\/idec-sante.com\/en\/lehning-officially-opens-its-2-0-pharmaceutical-factory-designed-and-built-by-pharmadec\/"]}]},{"@type":"ImageObject","inLanguage":"en-US","@id":"https:\/\/idec-sante.com\/en\/lehning-officially-opens-its-2-0-pharmaceutical-factory-designed-and-built-by-pharmadec\/#primaryimage","url":"https:\/\/idec-sante.com\/wp-content\/uploads\/sites\/2\/2022\/03\/photo-dro-lehning-sainte-barbe-57-180919-01.jpg","contentUrl":"https:\/\/idec-sante.com\/wp-content\/uploads\/sites\/2\/2022\/03\/photo-dro-lehning-sainte-barbe-57-180919-01.jpg","width":1540,"height":866},{"@type":"BreadcrumbList","@id":"https:\/\/idec-sante.com\/en\/lehning-officially-opens-its-2-0-pharmaceutical-factory-designed-and-built-by-pharmadec\/#breadcrumb","itemListElement":[{"@type":"ListItem","position":1,"name":"Accueil","item":"https:\/\/idec-sante.com\/en\/"},{"@type":"ListItem","position":2,"name":"LEHNING OFFICIALLY OPENS ITS 2.0 PHARMACEUTICAL FACTORY DESIGNED AND BUILT BY PHARMADEC"}]},{"@type":"WebSite","@id":"https:\/\/idec-sante.com\/#website","url":"https:\/\/idec-sante.com\/","name":"IDEC SANT\u00c9","description":"D\u00e9couvrez IDEC SANTE, le sp\u00e9cialiste de la conception et de la construction cl\u00e9 en main de site industriels pharmaceutique, cosm\u00e9tique et de bio-technologie","publisher":{"@id":"https:\/\/idec-sante.com\/#organization"},"potentialAction":[{"@type":"SearchAction","target":{"@type":"EntryPoint","urlTemplate":"https:\/\/idec-sante.com\/?s={search_term_string}"},"query-input":{"@type":"PropertyValueSpecification","valueRequired":true,"valueName":"search_term_string"}}],"inLanguage":"en-US"},{"@type":"Organization","@id":"https:\/\/idec-sante.com\/#organization","name":"IDEC SANT\u00c9","url":"https:\/\/idec-sante.com\/","logo":{"@type":"ImageObject","inLanguage":"en-US","@id":"https:\/\/idec-sante.com\/#\/schema\/logo\/image\/","url":"https:\/\/idec-sante.com\/wp-content\/uploads\/sites\/2\/2021\/08\/logo-idec-sante-130x155-blc-fond-violet.png","contentUrl":"https:\/\/idec-sante.com\/wp-content\/uploads\/sites\/2\/2021\/08\/logo-idec-sante-130x155-blc-fond-violet.png","width":130,"height":155,"caption":"IDEC SANT\u00c9"},"image":{"@id":"https:\/\/idec-sante.com\/#\/schema\/logo\/image\/"},"sameAs":["https:\/\/www.linkedin.com\/company\/idec-sante\/"]},{"@type":"Person","@id":"https:\/\/idec-sante.com\/#\/schema\/person\/5a813b12b606b90093864eabddaf1067","name":"J-Michel","image":{"@type":"ImageObject","inLanguage":"en-US","@id":"https:\/\/secure.gravatar.com\/avatar\/8112561cfb89241ffe7ea765b7ec7b5ac1b9e4657aa6f87aec6721658152e18b?s=96&d=mm&r=g","url":"https:\/\/secure.gravatar.com\/avatar\/8112561cfb89241ffe7ea765b7ec7b5ac1b9e4657aa6f87aec6721658152e18b?s=96&d=mm&r=g","contentUrl":"https:\/\/secure.gravatar.com\/avatar\/8112561cfb89241ffe7ea765b7ec7b5ac1b9e4657aa6f87aec6721658152e18b?s=96&d=mm&r=g","caption":"J-Michel"},"sameAs":["https:\/\/idec-grandsud.com\/idec-sante\/"]}]}},"_links":{"self":[{"href":"https:\/\/idec-sante.com\/en\/wp-json\/wp\/v2\/posts\/69132","targetHints":{"allow":["GET"]}}],"collection":[{"href":"https:\/\/idec-sante.com\/en\/wp-json\/wp\/v2\/posts"}],"about":[{"href":"https:\/\/idec-sante.com\/en\/wp-json\/wp\/v2\/types\/post"}],"author":[{"embeddable":true,"href":"https:\/\/idec-sante.com\/en\/wp-json\/wp\/v2\/users\/1"}],"replies":[{"embeddable":true,"href":"https:\/\/idec-sante.com\/en\/wp-json\/wp\/v2\/comments?post=69132"}],"version-history":[{"count":0,"href":"https:\/\/idec-sante.com\/en\/wp-json\/wp\/v2\/posts\/69132\/revisions"}],"wp:featuredmedia":[{"embeddable":true,"href":"https:\/\/idec-sante.com\/en\/wp-json\/wp\/v2\/media\/69017"}],"wp:attachment":[{"href":"https:\/\/idec-sante.com\/en\/wp-json\/wp\/v2\/media?parent=69132"}],"wp:term":[{"taxonomy":"category","embeddable":true,"href":"https:\/\/idec-sante.com\/en\/wp-json\/wp\/v2\/categories?post=69132"},{"taxonomy":"post_tag","embeddable":true,"href":"https:\/\/idec-sante.com\/en\/wp-json\/wp\/v2\/tags?post=69132"}],"curies":[{"name":"wp","href":"https:\/\/api.w.org\/{rel}","templated":true}]}}