{"id":69138,"date":"2019-11-06T13:18:21","date_gmt":"2019-11-06T12:18:21","guid":{"rendered":"https:\/\/idec-grandsud.com\/idec-sante\/idec-sante-and-sgs-france-lay-the-first-stone-for-the-extension-to-the-site-in-saint-benoit-vienne\/"},"modified":"2019-11-06T13:18:21","modified_gmt":"2019-11-06T12:18:21","slug":"idec-sante-and-sgs-france-lay-the-first-stone-for-the-extension-to-the-site-in-saint-benoit-vienne","status":"publish","type":"post","link":"https:\/\/idec-sante.com\/en\/idec-sante-and-sgs-france-lay-the-first-stone-for-the-extension-to-the-site-in-saint-benoit-vienne\/","title":{"rendered":"IDEC SANTE AND SGS FRANCE LAY THE FIRST STONE FOR THE EXTENSION TO THE SITE IN SAINT-BENOIT (VIENNE)"},"content":{"rendered":"<p><strong>IDEC SANTE, the expert in the design and construction of turnkey projects for those involved in the health, life sciences and cosmetics sectors laid the first stone for the extension to a laboratory in the presence of their client, SGS and several elected representatives. This 897 m\u00b2 extension project and the reorganisation of 1102 m\u00b2 at the site in Saint-Beno\u00eet (Vienne) will continue until January 2021.<\/strong><\/p>\n","protected":false},"excerpt":{"rendered":"<p>IDEC SANTE, the expert in the design and construction of turnkey projects for those involved in the health, life sciences and cosmetics sectors laid the first stone for the extension&hellip;<\/p>\n","protected":false},"author":1,"featured_media":69139,"comment_status":"open","ping_status":"open","sticky":false,"template":"","format":"standard","meta":{"inline_featured_image":false,"footnotes":""},"categories":[54],"tags":[],"class_list":["post-69138","post","type-post","status-publish","format-standard","has-post-thumbnail","hentry","category-news"],"yoast_head":"<!-- This site is optimized with the Yoast SEO plugin v27.4 - https:\/\/yoast.com\/product\/yoast-seo-wordpress\/ -->\n<title>IDEC SANTE AND SGS FRANCE LAY THE FIRST STONE FOR THE EXTENSION TO THE SITE IN SAINT-BENOIT (VIENNE) - IDEC SANT\u00c9<\/title>\n<meta name=\"robots\" content=\"index, follow, max-snippet:-1, max-image-preview:large, max-video-preview:-1\" \/>\n<link rel=\"canonical\" href=\"https:\/\/idec-sante.com\/en\/idec-sante-and-sgs-france-lay-the-first-stone-for-the-extension-to-the-site-in-saint-benoit-vienne\/\" \/>\n<meta property=\"og:locale\" content=\"en_US\" \/>\n<meta property=\"og:type\" content=\"article\" \/>\n<meta property=\"og:title\" content=\"IDEC SANTE AND SGS FRANCE LAY THE FIRST STONE FOR THE EXTENSION TO THE SITE IN SAINT-BENOIT (VIENNE) - IDEC SANT\u00c9\" \/>\n<meta property=\"og:description\" content=\"IDEC SANTE, the expert in the design and construction of turnkey projects for those involved in the health, life sciences and cosmetics sectors laid the first stone for the extension&hellip;\" \/>\n<meta property=\"og:url\" content=\"https:\/\/idec-sante.com\/en\/idec-sante-and-sgs-france-lay-the-first-stone-for-the-extension-to-the-site-in-saint-benoit-vienne\/\" \/>\n<meta property=\"og:site_name\" content=\"IDEC SANT\u00c9\" \/>\n<meta property=\"article:published_time\" content=\"2019-11-06T12:18:21+00:00\" \/>\n<meta property=\"og:image\" content=\"https:\/\/idec-sante.com\/wp-content\/uploads\/sites\/2\/2022\/03\/photo-col-idsa-pose-1ere-pierre-sgs-191106-01-1620x920px.jpg\" \/>\n\t<meta property=\"og:image:width\" content=\"1620\" \/>\n\t<meta property=\"og:image:height\" content=\"857\" \/>\n\t<meta property=\"og:image:type\" content=\"image\/jpeg\" \/>\n<meta name=\"author\" content=\"J-Michel\" \/>\n<meta name=\"twitter:card\" content=\"summary_large_image\" \/>\n<meta name=\"twitter:label1\" content=\"Written by\" \/>\n\t<meta name=\"twitter:data1\" content=\"J-Michel\" \/>\n<script type=\"application\/ld+json\" class=\"yoast-schema-graph\">{\"@context\":\"https:\\\/\\\/schema.org\",\"@graph\":[{\"@type\":\"Article\",\"@id\":\"https:\\\/\\\/idec-sante.com\\\/en\\\/idec-sante-and-sgs-france-lay-the-first-stone-for-the-extension-to-the-site-in-saint-benoit-vienne\\\/#article\",\"isPartOf\":{\"@id\":\"https:\\\/\\\/idec-sante.com\\\/en\\\/idec-sante-and-sgs-france-lay-the-first-stone-for-the-extension-to-the-site-in-saint-benoit-vienne\\\/\"},\"author\":{\"name\":\"J-Michel\",\"@id\":\"https:\\\/\\\/idec-sante.com\\\/#\\\/schema\\\/person\\\/5a813b12b606b90093864eabddaf1067\"},\"headline\":\"IDEC SANTE AND SGS FRANCE LAY THE FIRST STONE FOR THE EXTENSION TO THE SITE IN SAINT-BENOIT (VIENNE)\",\"datePublished\":\"2019-11-06T12:18:21+00:00\",\"mainEntityOfPage\":{\"@id\":\"https:\\\/\\\/idec-sante.com\\\/en\\\/idec-sante-and-sgs-france-lay-the-first-stone-for-the-extension-to-the-site-in-saint-benoit-vienne\\\/\"},\"wordCount\":82,\"commentCount\":0,\"publisher\":{\"@id\":\"https:\\\/\\\/idec-sante.com\\\/#organization\"},\"image\":{\"@id\":\"https:\\\/\\\/idec-sante.com\\\/en\\\/idec-sante-and-sgs-france-lay-the-first-stone-for-the-extension-to-the-site-in-saint-benoit-vienne\\\/#primaryimage\"},\"thumbnailUrl\":\"https:\\\/\\\/idec-sante.com\\\/wp-content\\\/uploads\\\/sites\\\/2\\\/2022\\\/03\\\/photo-col-idsa-pose-1ere-pierre-sgs-191106-01-1620x920px.jpg\",\"articleSection\":[\"News\"],\"inLanguage\":\"en-US\"},{\"@type\":\"WebPage\",\"@id\":\"https:\\\/\\\/idec-sante.com\\\/en\\\/idec-sante-and-sgs-france-lay-the-first-stone-for-the-extension-to-the-site-in-saint-benoit-vienne\\\/\",\"url\":\"https:\\\/\\\/idec-sante.com\\\/en\\\/idec-sante-and-sgs-france-lay-the-first-stone-for-the-extension-to-the-site-in-saint-benoit-vienne\\\/\",\"name\":\"IDEC SANTE AND SGS FRANCE LAY THE FIRST STONE FOR THE EXTENSION TO THE SITE IN SAINT-BENOIT (VIENNE) - IDEC SANT\u00c9\",\"isPartOf\":{\"@id\":\"https:\\\/\\\/idec-sante.com\\\/#website\"},\"primaryImageOfPage\":{\"@id\":\"https:\\\/\\\/idec-sante.com\\\/en\\\/idec-sante-and-sgs-france-lay-the-first-stone-for-the-extension-to-the-site-in-saint-benoit-vienne\\\/#primaryimage\"},\"image\":{\"@id\":\"https:\\\/\\\/idec-sante.com\\\/en\\\/idec-sante-and-sgs-france-lay-the-first-stone-for-the-extension-to-the-site-in-saint-benoit-vienne\\\/#primaryimage\"},\"thumbnailUrl\":\"https:\\\/\\\/idec-sante.com\\\/wp-content\\\/uploads\\\/sites\\\/2\\\/2022\\\/03\\\/photo-col-idsa-pose-1ere-pierre-sgs-191106-01-1620x920px.jpg\",\"datePublished\":\"2019-11-06T12:18:21+00:00\",\"breadcrumb\":{\"@id\":\"https:\\\/\\\/idec-sante.com\\\/en\\\/idec-sante-and-sgs-france-lay-the-first-stone-for-the-extension-to-the-site-in-saint-benoit-vienne\\\/#breadcrumb\"},\"inLanguage\":\"en-US\",\"potentialAction\":[{\"@type\":\"ReadAction\",\"target\":[\"https:\\\/\\\/idec-sante.com\\\/en\\\/idec-sante-and-sgs-france-lay-the-first-stone-for-the-extension-to-the-site-in-saint-benoit-vienne\\\/\"]}]},{\"@type\":\"ImageObject\",\"inLanguage\":\"en-US\",\"@id\":\"https:\\\/\\\/idec-sante.com\\\/en\\\/idec-sante-and-sgs-france-lay-the-first-stone-for-the-extension-to-the-site-in-saint-benoit-vienne\\\/#primaryimage\",\"url\":\"https:\\\/\\\/idec-sante.com\\\/wp-content\\\/uploads\\\/sites\\\/2\\\/2022\\\/03\\\/photo-col-idsa-pose-1ere-pierre-sgs-191106-01-1620x920px.jpg\",\"contentUrl\":\"https:\\\/\\\/idec-sante.com\\\/wp-content\\\/uploads\\\/sites\\\/2\\\/2022\\\/03\\\/photo-col-idsa-pose-1ere-pierre-sgs-191106-01-1620x920px.jpg\",\"width\":1620,\"height\":857},{\"@type\":\"BreadcrumbList\",\"@id\":\"https:\\\/\\\/idec-sante.com\\\/en\\\/idec-sante-and-sgs-france-lay-the-first-stone-for-the-extension-to-the-site-in-saint-benoit-vienne\\\/#breadcrumb\",\"itemListElement\":[{\"@type\":\"ListItem\",\"position\":1,\"name\":\"Accueil\",\"item\":\"https:\\\/\\\/idec-sante.com\\\/en\\\/\"},{\"@type\":\"ListItem\",\"position\":2,\"name\":\"IDEC SANTE AND SGS FRANCE LAY THE FIRST STONE FOR THE EXTENSION TO THE SITE IN SAINT-BENOIT (VIENNE)\"}]},{\"@type\":\"WebSite\",\"@id\":\"https:\\\/\\\/idec-sante.com\\\/#website\",\"url\":\"https:\\\/\\\/idec-sante.com\\\/\",\"name\":\"IDEC SANT\u00c9\",\"description\":\"D\u00e9couvrez IDEC SANTE, le sp\u00e9cialiste de la conception et de la construction cl\u00e9 en main de site industriels pharmaceutique, cosm\u00e9tique et de bio-technologie\",\"publisher\":{\"@id\":\"https:\\\/\\\/idec-sante.com\\\/#organization\"},\"potentialAction\":[{\"@type\":\"SearchAction\",\"target\":{\"@type\":\"EntryPoint\",\"urlTemplate\":\"https:\\\/\\\/idec-sante.com\\\/?s={search_term_string}\"},\"query-input\":{\"@type\":\"PropertyValueSpecification\",\"valueRequired\":true,\"valueName\":\"search_term_string\"}}],\"inLanguage\":\"en-US\"},{\"@type\":\"Organization\",\"@id\":\"https:\\\/\\\/idec-sante.com\\\/#organization\",\"name\":\"IDEC SANT\u00c9\",\"url\":\"https:\\\/\\\/idec-sante.com\\\/\",\"logo\":{\"@type\":\"ImageObject\",\"inLanguage\":\"en-US\",\"@id\":\"https:\\\/\\\/idec-sante.com\\\/#\\\/schema\\\/logo\\\/image\\\/\",\"url\":\"https:\\\/\\\/idec-sante.com\\\/wp-content\\\/uploads\\\/sites\\\/2\\\/2021\\\/08\\\/logo-idec-sante-130x155-blc-fond-violet.png\",\"contentUrl\":\"https:\\\/\\\/idec-sante.com\\\/wp-content\\\/uploads\\\/sites\\\/2\\\/2021\\\/08\\\/logo-idec-sante-130x155-blc-fond-violet.png\",\"width\":130,\"height\":155,\"caption\":\"IDEC SANT\u00c9\"},\"image\":{\"@id\":\"https:\\\/\\\/idec-sante.com\\\/#\\\/schema\\\/logo\\\/image\\\/\"},\"sameAs\":[\"https:\\\/\\\/www.linkedin.com\\\/company\\\/idec-sante\\\/\"]},{\"@type\":\"Person\",\"@id\":\"https:\\\/\\\/idec-sante.com\\\/#\\\/schema\\\/person\\\/5a813b12b606b90093864eabddaf1067\",\"name\":\"J-Michel\",\"image\":{\"@type\":\"ImageObject\",\"inLanguage\":\"en-US\",\"@id\":\"https:\\\/\\\/secure.gravatar.com\\\/avatar\\\/8112561cfb89241ffe7ea765b7ec7b5ac1b9e4657aa6f87aec6721658152e18b?s=96&d=mm&r=g\",\"url\":\"https:\\\/\\\/secure.gravatar.com\\\/avatar\\\/8112561cfb89241ffe7ea765b7ec7b5ac1b9e4657aa6f87aec6721658152e18b?s=96&d=mm&r=g\",\"contentUrl\":\"https:\\\/\\\/secure.gravatar.com\\\/avatar\\\/8112561cfb89241ffe7ea765b7ec7b5ac1b9e4657aa6f87aec6721658152e18b?s=96&d=mm&r=g\",\"caption\":\"J-Michel\"},\"sameAs\":[\"https:\\\/\\\/idec-grandsud.com\\\/idec-sante\\\/\"]}]}<\/script>\n<!-- \/ Yoast SEO plugin. -->","yoast_head_json":{"title":"IDEC SANTE AND SGS FRANCE LAY THE FIRST STONE FOR THE EXTENSION TO THE SITE IN SAINT-BENOIT (VIENNE) - IDEC SANT\u00c9","robots":{"index":"index","follow":"follow","max-snippet":"max-snippet:-1","max-image-preview":"max-image-preview:large","max-video-preview":"max-video-preview:-1"},"canonical":"https:\/\/idec-sante.com\/en\/idec-sante-and-sgs-france-lay-the-first-stone-for-the-extension-to-the-site-in-saint-benoit-vienne\/","og_locale":"en_US","og_type":"article","og_title":"IDEC SANTE AND SGS FRANCE LAY THE FIRST STONE FOR THE EXTENSION TO THE SITE IN SAINT-BENOIT (VIENNE) - IDEC SANT\u00c9","og_description":"IDEC SANTE, the expert in the design and construction of turnkey projects for those involved in the health, life sciences and cosmetics sectors laid the first stone for the extension&hellip;","og_url":"https:\/\/idec-sante.com\/en\/idec-sante-and-sgs-france-lay-the-first-stone-for-the-extension-to-the-site-in-saint-benoit-vienne\/","og_site_name":"IDEC SANT\u00c9","article_published_time":"2019-11-06T12:18:21+00:00","og_image":[{"width":1620,"height":857,"url":"https:\/\/idec-sante.com\/wp-content\/uploads\/sites\/2\/2022\/03\/photo-col-idsa-pose-1ere-pierre-sgs-191106-01-1620x920px.jpg","type":"image\/jpeg"}],"author":"J-Michel","twitter_card":"summary_large_image","twitter_misc":{"Written by":"J-Michel"},"schema":{"@context":"https:\/\/schema.org","@graph":[{"@type":"Article","@id":"https:\/\/idec-sante.com\/en\/idec-sante-and-sgs-france-lay-the-first-stone-for-the-extension-to-the-site-in-saint-benoit-vienne\/#article","isPartOf":{"@id":"https:\/\/idec-sante.com\/en\/idec-sante-and-sgs-france-lay-the-first-stone-for-the-extension-to-the-site-in-saint-benoit-vienne\/"},"author":{"name":"J-Michel","@id":"https:\/\/idec-sante.com\/#\/schema\/person\/5a813b12b606b90093864eabddaf1067"},"headline":"IDEC SANTE AND SGS FRANCE LAY THE FIRST STONE FOR THE EXTENSION TO THE SITE IN SAINT-BENOIT (VIENNE)","datePublished":"2019-11-06T12:18:21+00:00","mainEntityOfPage":{"@id":"https:\/\/idec-sante.com\/en\/idec-sante-and-sgs-france-lay-the-first-stone-for-the-extension-to-the-site-in-saint-benoit-vienne\/"},"wordCount":82,"commentCount":0,"publisher":{"@id":"https:\/\/idec-sante.com\/#organization"},"image":{"@id":"https:\/\/idec-sante.com\/en\/idec-sante-and-sgs-france-lay-the-first-stone-for-the-extension-to-the-site-in-saint-benoit-vienne\/#primaryimage"},"thumbnailUrl":"https:\/\/idec-sante.com\/wp-content\/uploads\/sites\/2\/2022\/03\/photo-col-idsa-pose-1ere-pierre-sgs-191106-01-1620x920px.jpg","articleSection":["News"],"inLanguage":"en-US"},{"@type":"WebPage","@id":"https:\/\/idec-sante.com\/en\/idec-sante-and-sgs-france-lay-the-first-stone-for-the-extension-to-the-site-in-saint-benoit-vienne\/","url":"https:\/\/idec-sante.com\/en\/idec-sante-and-sgs-france-lay-the-first-stone-for-the-extension-to-the-site-in-saint-benoit-vienne\/","name":"IDEC SANTE AND SGS FRANCE LAY THE FIRST STONE FOR THE EXTENSION TO THE SITE IN SAINT-BENOIT (VIENNE) - IDEC SANT\u00c9","isPartOf":{"@id":"https:\/\/idec-sante.com\/#website"},"primaryImageOfPage":{"@id":"https:\/\/idec-sante.com\/en\/idec-sante-and-sgs-france-lay-the-first-stone-for-the-extension-to-the-site-in-saint-benoit-vienne\/#primaryimage"},"image":{"@id":"https:\/\/idec-sante.com\/en\/idec-sante-and-sgs-france-lay-the-first-stone-for-the-extension-to-the-site-in-saint-benoit-vienne\/#primaryimage"},"thumbnailUrl":"https:\/\/idec-sante.com\/wp-content\/uploads\/sites\/2\/2022\/03\/photo-col-idsa-pose-1ere-pierre-sgs-191106-01-1620x920px.jpg","datePublished":"2019-11-06T12:18:21+00:00","breadcrumb":{"@id":"https:\/\/idec-sante.com\/en\/idec-sante-and-sgs-france-lay-the-first-stone-for-the-extension-to-the-site-in-saint-benoit-vienne\/#breadcrumb"},"inLanguage":"en-US","potentialAction":[{"@type":"ReadAction","target":["https:\/\/idec-sante.com\/en\/idec-sante-and-sgs-france-lay-the-first-stone-for-the-extension-to-the-site-in-saint-benoit-vienne\/"]}]},{"@type":"ImageObject","inLanguage":"en-US","@id":"https:\/\/idec-sante.com\/en\/idec-sante-and-sgs-france-lay-the-first-stone-for-the-extension-to-the-site-in-saint-benoit-vienne\/#primaryimage","url":"https:\/\/idec-sante.com\/wp-content\/uploads\/sites\/2\/2022\/03\/photo-col-idsa-pose-1ere-pierre-sgs-191106-01-1620x920px.jpg","contentUrl":"https:\/\/idec-sante.com\/wp-content\/uploads\/sites\/2\/2022\/03\/photo-col-idsa-pose-1ere-pierre-sgs-191106-01-1620x920px.jpg","width":1620,"height":857},{"@type":"BreadcrumbList","@id":"https:\/\/idec-sante.com\/en\/idec-sante-and-sgs-france-lay-the-first-stone-for-the-extension-to-the-site-in-saint-benoit-vienne\/#breadcrumb","itemListElement":[{"@type":"ListItem","position":1,"name":"Accueil","item":"https:\/\/idec-sante.com\/en\/"},{"@type":"ListItem","position":2,"name":"IDEC SANTE AND SGS FRANCE LAY THE FIRST STONE FOR THE EXTENSION TO THE SITE IN SAINT-BENOIT (VIENNE)"}]},{"@type":"WebSite","@id":"https:\/\/idec-sante.com\/#website","url":"https:\/\/idec-sante.com\/","name":"IDEC SANT\u00c9","description":"D\u00e9couvrez IDEC SANTE, le sp\u00e9cialiste de la conception et de la construction cl\u00e9 en main de site industriels pharmaceutique, cosm\u00e9tique et de bio-technologie","publisher":{"@id":"https:\/\/idec-sante.com\/#organization"},"potentialAction":[{"@type":"SearchAction","target":{"@type":"EntryPoint","urlTemplate":"https:\/\/idec-sante.com\/?s={search_term_string}"},"query-input":{"@type":"PropertyValueSpecification","valueRequired":true,"valueName":"search_term_string"}}],"inLanguage":"en-US"},{"@type":"Organization","@id":"https:\/\/idec-sante.com\/#organization","name":"IDEC SANT\u00c9","url":"https:\/\/idec-sante.com\/","logo":{"@type":"ImageObject","inLanguage":"en-US","@id":"https:\/\/idec-sante.com\/#\/schema\/logo\/image\/","url":"https:\/\/idec-sante.com\/wp-content\/uploads\/sites\/2\/2021\/08\/logo-idec-sante-130x155-blc-fond-violet.png","contentUrl":"https:\/\/idec-sante.com\/wp-content\/uploads\/sites\/2\/2021\/08\/logo-idec-sante-130x155-blc-fond-violet.png","width":130,"height":155,"caption":"IDEC SANT\u00c9"},"image":{"@id":"https:\/\/idec-sante.com\/#\/schema\/logo\/image\/"},"sameAs":["https:\/\/www.linkedin.com\/company\/idec-sante\/"]},{"@type":"Person","@id":"https:\/\/idec-sante.com\/#\/schema\/person\/5a813b12b606b90093864eabddaf1067","name":"J-Michel","image":{"@type":"ImageObject","inLanguage":"en-US","@id":"https:\/\/secure.gravatar.com\/avatar\/8112561cfb89241ffe7ea765b7ec7b5ac1b9e4657aa6f87aec6721658152e18b?s=96&d=mm&r=g","url":"https:\/\/secure.gravatar.com\/avatar\/8112561cfb89241ffe7ea765b7ec7b5ac1b9e4657aa6f87aec6721658152e18b?s=96&d=mm&r=g","contentUrl":"https:\/\/secure.gravatar.com\/avatar\/8112561cfb89241ffe7ea765b7ec7b5ac1b9e4657aa6f87aec6721658152e18b?s=96&d=mm&r=g","caption":"J-Michel"},"sameAs":["https:\/\/idec-grandsud.com\/idec-sante\/"]}]}},"_links":{"self":[{"href":"https:\/\/idec-sante.com\/en\/wp-json\/wp\/v2\/posts\/69138","targetHints":{"allow":["GET"]}}],"collection":[{"href":"https:\/\/idec-sante.com\/en\/wp-json\/wp\/v2\/posts"}],"about":[{"href":"https:\/\/idec-sante.com\/en\/wp-json\/wp\/v2\/types\/post"}],"author":[{"embeddable":true,"href":"https:\/\/idec-sante.com\/en\/wp-json\/wp\/v2\/users\/1"}],"replies":[{"embeddable":true,"href":"https:\/\/idec-sante.com\/en\/wp-json\/wp\/v2\/comments?post=69138"}],"version-history":[{"count":0,"href":"https:\/\/idec-sante.com\/en\/wp-json\/wp\/v2\/posts\/69138\/revisions"}],"wp:featuredmedia":[{"embeddable":true,"href":"https:\/\/idec-sante.com\/en\/wp-json\/wp\/v2\/media\/69139"}],"wp:attachment":[{"href":"https:\/\/idec-sante.com\/en\/wp-json\/wp\/v2\/media?parent=69138"}],"wp:term":[{"taxonomy":"category","embeddable":true,"href":"https:\/\/idec-sante.com\/en\/wp-json\/wp\/v2\/categories?post=69138"},{"taxonomy":"post_tag","embeddable":true,"href":"https:\/\/idec-sante.com\/en\/wp-json\/wp\/v2\/tags?post=69138"}],"curies":[{"name":"wp","href":"https:\/\/api.w.org\/{rel}","templated":true}]}}