{"id":70899,"date":"2022-03-08T19:01:37","date_gmt":"2022-03-08T18:01:37","guid":{"rendered":"https:\/\/idec-sante.com\/journee-internationale-des-droits-des-femmes-rencontre-avec-mathilde-assistante-conducteur-travaux-chez-idec-sante\/"},"modified":"2023-03-25T10:58:00","modified_gmt":"2023-03-25T09:58:00","slug":"journee-internationale-des-droits-des-femmes-rencontre-avec-mathilde-assistante-conducteur-travaux-chez-idec-sante","status":"publish","type":"post","link":"https:\/\/idec-sante.com\/en\/journee-internationale-des-droits-des-femmes-rencontre-avec-mathilde-assistante-conducteur-travaux-chez-idec-sante\/","title":{"rendered":"International Women\u2019s Day: Interview with Mathilde, Assistant Works Supervisor at IDEC SANT\u00c9"},"content":{"rendered":"\n<h2 class=\"wp-block-heading\">To mark International Women\u2019s Day on March 8, Mathilde, Assistant Works Supervisor at IDEC SANT\u00c9, agreed to answer our questions.<br>\u00a0Mathilde is an engineering student specializing in construction and public works at Centrale Nantes. She began her work-study program with GROUPE IDEC at GEDOUIN ING\u00c9NIERIE in September 2020.Since October 2021, she has been working for IDEC SANT\u00c9 and more specifically on the site of a leading name in the pharmaceutical industry in the West of France.<\/h2>\n\n\n\n<h3 class=\"wp-block-heading\">Can you tell us about your job and your main tasks?<\/h3>\n\n\n\n<p>In association with the entire works team, I supervise the execution of the works, the schedule, the management of the tasks and sometimes the coordination between the different work packages.\u00a0For my part, I work on the building envelope, which includes the road system, networks, concrete framework, structural work, roofing and cladding, in other words everything that represents the structure of the building.\u00a0On the site, we also have assignments regarding the safety of our employees and, more broadly, of all those involved in the project, all in close collaboration with the site\u2019s HSE prevention officer.<\/p>\n\n\n\n<h3 class=\"wp-block-heading\">What do you like most about your job?<\/h3>\n\n\n\n<p>What I was primarily looking for was a job that offered me a variety of assignments, which is exactly what I found at IDEC SANT\u00c9.\u00a0My job consists of having two different roles: I work on site to monitor the progress of the work and at the same time I work at the base to ensure that the worksite is running smoothly.\u00a0I also have an important interpersonal component: I can go out and see people on site, watch them and learn.<\/p>\n\n\n\n<h3 class=\"wp-block-heading\"><strong>The environment in which you work is mostly dominated by men. What differences do you think a woman can make in this environment?<\/strong><\/h3>\n\n\n\n<p>I think the organizational aspect can be different, and so can the methodological aspect.\u00a0I am pretty well organized, both in terms of performing a task and getting it done, and in terms of trying to think about what it entails or what it might impact.<\/p>\n\n\n\n<p>In some cases, the contact on the ground may also be easier.\u00a0However, you have to know how to command respect and show that just because you are a woman, it doesn\u2019t mean that you don\u2019t know how to work or that you don\u2019t know the business.\u00a0This is probably the most difficult part and I\u2019m still learning how to do it.\u00a0In any case, I remain convinced that being a woman in this field is not an obstacle and I even consider it to be an advantage.<\/p>\n\n\n\n<h3 class=\"wp-block-heading\">What would you say to women who want to do the same job as you?<\/h3>\n\n\n\n<p>I would tell them that the somewhat archaic vision of a predominantly male construction world is completely outdated and that today, there is a whole range of different jobs in the construction industry that give people the opportunity to thrive in this environment.\u00a0For me, being a woman is an advantage on the site, as relations are easier.\u00a0So don\u2019t be afraid to go for it. It is a job with a future and today, we are all on the same footing.<\/p>\n\n\n\n<h3 class=\"wp-block-heading\">What advice would you give to a young woman who is just starting out in the workplace?<\/h3>\n\n\n\n<p>I think they should not hesitate to ask questions, even if they think they are \u201cstupid questions\u201d.\u00a0More generally, I think that if ever there is something that doesn\u2019t feel right to us in our job or our duties, then we should talk about it with our superior to find solutions.<\/p>\n\n\n\n<h3 class=\"wp-block-heading\"><strong>To conclude, a word about GROUPE IDEC?<\/strong><\/h3>\n\n\n\n<p>I think that I am lucky to have been in two totally different teams with a different job at GEDOUIN ING\u00c9NIERIE and IDEC SANT\u00c9.\u00a0Within GROUPE IDEC, we are also fortunate to join teams that are used to welcoming work-study students. They take the time to explain things and are very approachable when we have questions.\u00a0The team in the broadest sense, be it the Human Resources department or the accounting department, for example, are friendly, attentive and readily available.<\/p>\n\n\n\n<p><\/p>\n","protected":false},"excerpt":{"rendered":"<p>To mark International Women\u2019s Day on March 8, Mathilde, Assistant Works Supervisor at IDEC SANT\u00c9, agreed to answer our questions.\u00a0Mathilde is an engineering student specializing in construction and public works&hellip;<\/p>\n","protected":false},"author":1,"featured_media":69162,"comment_status":"closed","ping_status":"closed","sticky":false,"template":"","format":"standard","meta":{"inline_featured_image":false,"footnotes":""},"categories":[12,54,64],"tags":[],"class_list":["post-70899","post","type-post","status-publish","format-standard","has-post-thumbnail","hentry","category-actualites-flux-grid-info","category-news","category-news-flux-grid-info-en"],"yoast_head":"<!-- This site is optimized with the Yoast SEO plugin v27.4 - https:\/\/yoast.com\/product\/yoast-seo-wordpress\/ -->\n<title>International Women\u2019s Day: Interview with Mathilde, Assistant Works Supervisor at IDEC SANT\u00c9 - IDEC SANT\u00c9<\/title>\n<meta name=\"robots\" content=\"index, follow, max-snippet:-1, max-image-preview:large, max-video-preview:-1\" \/>\n<link rel=\"canonical\" href=\"https:\/\/idec-sante.com\/en\/journee-internationale-des-droits-des-femmes-rencontre-avec-mathilde-assistante-conducteur-travaux-chez-idec-sante\/\" \/>\n<meta property=\"og:locale\" content=\"en_US\" \/>\n<meta property=\"og:type\" content=\"article\" \/>\n<meta property=\"og:title\" content=\"International Women\u2019s Day: Interview with Mathilde, Assistant Works Supervisor at IDEC SANT\u00c9 - IDEC SANT\u00c9\" \/>\n<meta property=\"og:description\" content=\"To mark International Women\u2019s Day on March 8, Mathilde, Assistant Works Supervisor at IDEC SANT\u00c9, agreed to answer our questions.\u00a0Mathilde is an engineering student specializing in construction and public works&hellip;\" \/>\n<meta property=\"og:url\" content=\"https:\/\/idec-sante.com\/en\/journee-internationale-des-droits-des-femmes-rencontre-avec-mathilde-assistante-conducteur-travaux-chez-idec-sante\/\" \/>\n<meta property=\"og:site_name\" content=\"IDEC SANT\u00c9\" \/>\n<meta property=\"article:published_time\" content=\"2022-03-08T18:01:37+00:00\" \/>\n<meta property=\"article:modified_time\" content=\"2023-03-25T09:58:00+00:00\" \/>\n<meta property=\"og:image\" content=\"https:\/\/idec-sante.com\/wp-content\/uploads\/sites\/2\/2022\/03\/Photo-Mathilde-1b.jpg\" \/>\n\t<meta property=\"og:image:width\" content=\"1440\" \/>\n\t<meta property=\"og:image:height\" content=\"810\" \/>\n\t<meta property=\"og:image:type\" content=\"image\/jpeg\" \/>\n<meta name=\"author\" content=\"J-Michel\" \/>\n<meta name=\"twitter:card\" content=\"summary_large_image\" \/>\n<meta name=\"twitter:label1\" content=\"Written by\" \/>\n\t<meta name=\"twitter:data1\" content=\"J-Michel\" \/>\n\t<meta name=\"twitter:label2\" content=\"Est. reading time\" \/>\n\t<meta name=\"twitter:data2\" content=\"4 minutes\" \/>\n<script type=\"application\/ld+json\" class=\"yoast-schema-graph\">{\"@context\":\"https:\\\/\\\/schema.org\",\"@graph\":[{\"@type\":\"Article\",\"@id\":\"https:\\\/\\\/idec-sante.com\\\/en\\\/journee-internationale-des-droits-des-femmes-rencontre-avec-mathilde-assistante-conducteur-travaux-chez-idec-sante\\\/#article\",\"isPartOf\":{\"@id\":\"https:\\\/\\\/idec-sante.com\\\/en\\\/journee-internationale-des-droits-des-femmes-rencontre-avec-mathilde-assistante-conducteur-travaux-chez-idec-sante\\\/\"},\"author\":{\"name\":\"J-Michel\",\"@id\":\"https:\\\/\\\/idec-sante.com\\\/#\\\/schema\\\/person\\\/5a813b12b606b90093864eabddaf1067\"},\"headline\":\"International Women\u2019s Day: Interview with Mathilde, Assistant Works Supervisor at IDEC SANT\u00c9\",\"datePublished\":\"2022-03-08T18:01:37+00:00\",\"dateModified\":\"2023-03-25T09:58:00+00:00\",\"mainEntityOfPage\":{\"@id\":\"https:\\\/\\\/idec-sante.com\\\/en\\\/journee-internationale-des-droits-des-femmes-rencontre-avec-mathilde-assistante-conducteur-travaux-chez-idec-sante\\\/\"},\"wordCount\":703,\"publisher\":{\"@id\":\"https:\\\/\\\/idec-sante.com\\\/#organization\"},\"image\":{\"@id\":\"https:\\\/\\\/idec-sante.com\\\/en\\\/journee-internationale-des-droits-des-femmes-rencontre-avec-mathilde-assistante-conducteur-travaux-chez-idec-sante\\\/#primaryimage\"},\"thumbnailUrl\":\"https:\\\/\\\/idec-sante.com\\\/wp-content\\\/uploads\\\/sites\\\/2\\\/2022\\\/03\\\/Photo-Mathilde-1b.jpg\",\"articleSection\":[\"Actualit\u00e9s flux GRID INFO\",\"News\",\"News flux GRID INFO EN\"],\"inLanguage\":\"en-US\"},{\"@type\":\"WebPage\",\"@id\":\"https:\\\/\\\/idec-sante.com\\\/en\\\/journee-internationale-des-droits-des-femmes-rencontre-avec-mathilde-assistante-conducteur-travaux-chez-idec-sante\\\/\",\"url\":\"https:\\\/\\\/idec-sante.com\\\/en\\\/journee-internationale-des-droits-des-femmes-rencontre-avec-mathilde-assistante-conducteur-travaux-chez-idec-sante\\\/\",\"name\":\"International Women\u2019s Day: Interview with Mathilde, Assistant Works Supervisor at IDEC SANT\u00c9 - IDEC SANT\u00c9\",\"isPartOf\":{\"@id\":\"https:\\\/\\\/idec-sante.com\\\/#website\"},\"primaryImageOfPage\":{\"@id\":\"https:\\\/\\\/idec-sante.com\\\/en\\\/journee-internationale-des-droits-des-femmes-rencontre-avec-mathilde-assistante-conducteur-travaux-chez-idec-sante\\\/#primaryimage\"},\"image\":{\"@id\":\"https:\\\/\\\/idec-sante.com\\\/en\\\/journee-internationale-des-droits-des-femmes-rencontre-avec-mathilde-assistante-conducteur-travaux-chez-idec-sante\\\/#primaryimage\"},\"thumbnailUrl\":\"https:\\\/\\\/idec-sante.com\\\/wp-content\\\/uploads\\\/sites\\\/2\\\/2022\\\/03\\\/Photo-Mathilde-1b.jpg\",\"datePublished\":\"2022-03-08T18:01:37+00:00\",\"dateModified\":\"2023-03-25T09:58:00+00:00\",\"breadcrumb\":{\"@id\":\"https:\\\/\\\/idec-sante.com\\\/en\\\/journee-internationale-des-droits-des-femmes-rencontre-avec-mathilde-assistante-conducteur-travaux-chez-idec-sante\\\/#breadcrumb\"},\"inLanguage\":\"en-US\",\"potentialAction\":[{\"@type\":\"ReadAction\",\"target\":[\"https:\\\/\\\/idec-sante.com\\\/en\\\/journee-internationale-des-droits-des-femmes-rencontre-avec-mathilde-assistante-conducteur-travaux-chez-idec-sante\\\/\"]}]},{\"@type\":\"ImageObject\",\"inLanguage\":\"en-US\",\"@id\":\"https:\\\/\\\/idec-sante.com\\\/en\\\/journee-internationale-des-droits-des-femmes-rencontre-avec-mathilde-assistante-conducteur-travaux-chez-idec-sante\\\/#primaryimage\",\"url\":\"https:\\\/\\\/idec-sante.com\\\/wp-content\\\/uploads\\\/sites\\\/2\\\/2022\\\/03\\\/Photo-Mathilde-1b.jpg\",\"contentUrl\":\"https:\\\/\\\/idec-sante.com\\\/wp-content\\\/uploads\\\/sites\\\/2\\\/2022\\\/03\\\/Photo-Mathilde-1b.jpg\",\"width\":1440,\"height\":810},{\"@type\":\"BreadcrumbList\",\"@id\":\"https:\\\/\\\/idec-sante.com\\\/en\\\/journee-internationale-des-droits-des-femmes-rencontre-avec-mathilde-assistante-conducteur-travaux-chez-idec-sante\\\/#breadcrumb\",\"itemListElement\":[{\"@type\":\"ListItem\",\"position\":1,\"name\":\"Accueil\",\"item\":\"https:\\\/\\\/idec-sante.com\\\/en\\\/\"},{\"@type\":\"ListItem\",\"position\":2,\"name\":\"International Women\u2019s Day: Interview with Mathilde, Assistant Works Supervisor at IDEC SANT\u00c9\"}]},{\"@type\":\"WebSite\",\"@id\":\"https:\\\/\\\/idec-sante.com\\\/#website\",\"url\":\"https:\\\/\\\/idec-sante.com\\\/\",\"name\":\"IDEC SANT\u00c9\",\"description\":\"D\u00e9couvrez IDEC SANTE, le sp\u00e9cialiste de la conception et de la construction cl\u00e9 en main de site industriels pharmaceutique, cosm\u00e9tique et de bio-technologie\",\"publisher\":{\"@id\":\"https:\\\/\\\/idec-sante.com\\\/#organization\"},\"potentialAction\":[{\"@type\":\"SearchAction\",\"target\":{\"@type\":\"EntryPoint\",\"urlTemplate\":\"https:\\\/\\\/idec-sante.com\\\/?s={search_term_string}\"},\"query-input\":{\"@type\":\"PropertyValueSpecification\",\"valueRequired\":true,\"valueName\":\"search_term_string\"}}],\"inLanguage\":\"en-US\"},{\"@type\":\"Organization\",\"@id\":\"https:\\\/\\\/idec-sante.com\\\/#organization\",\"name\":\"IDEC SANT\u00c9\",\"url\":\"https:\\\/\\\/idec-sante.com\\\/\",\"logo\":{\"@type\":\"ImageObject\",\"inLanguage\":\"en-US\",\"@id\":\"https:\\\/\\\/idec-sante.com\\\/#\\\/schema\\\/logo\\\/image\\\/\",\"url\":\"https:\\\/\\\/idec-sante.com\\\/wp-content\\\/uploads\\\/sites\\\/2\\\/2021\\\/08\\\/logo-idec-sante-130x155-blc-fond-violet.png\",\"contentUrl\":\"https:\\\/\\\/idec-sante.com\\\/wp-content\\\/uploads\\\/sites\\\/2\\\/2021\\\/08\\\/logo-idec-sante-130x155-blc-fond-violet.png\",\"width\":130,\"height\":155,\"caption\":\"IDEC SANT\u00c9\"},\"image\":{\"@id\":\"https:\\\/\\\/idec-sante.com\\\/#\\\/schema\\\/logo\\\/image\\\/\"},\"sameAs\":[\"https:\\\/\\\/www.linkedin.com\\\/company\\\/idec-sante\\\/\"]},{\"@type\":\"Person\",\"@id\":\"https:\\\/\\\/idec-sante.com\\\/#\\\/schema\\\/person\\\/5a813b12b606b90093864eabddaf1067\",\"name\":\"J-Michel\",\"image\":{\"@type\":\"ImageObject\",\"inLanguage\":\"en-US\",\"@id\":\"https:\\\/\\\/secure.gravatar.com\\\/avatar\\\/8112561cfb89241ffe7ea765b7ec7b5ac1b9e4657aa6f87aec6721658152e18b?s=96&d=mm&r=g\",\"url\":\"https:\\\/\\\/secure.gravatar.com\\\/avatar\\\/8112561cfb89241ffe7ea765b7ec7b5ac1b9e4657aa6f87aec6721658152e18b?s=96&d=mm&r=g\",\"contentUrl\":\"https:\\\/\\\/secure.gravatar.com\\\/avatar\\\/8112561cfb89241ffe7ea765b7ec7b5ac1b9e4657aa6f87aec6721658152e18b?s=96&d=mm&r=g\",\"caption\":\"J-Michel\"},\"sameAs\":[\"https:\\\/\\\/idec-grandsud.com\\\/idec-sante\\\/\"]}]}<\/script>\n<!-- \/ Yoast SEO plugin. -->","yoast_head_json":{"title":"International Women\u2019s Day: Interview with Mathilde, Assistant Works Supervisor at IDEC SANT\u00c9 - IDEC SANT\u00c9","robots":{"index":"index","follow":"follow","max-snippet":"max-snippet:-1","max-image-preview":"max-image-preview:large","max-video-preview":"max-video-preview:-1"},"canonical":"https:\/\/idec-sante.com\/en\/journee-internationale-des-droits-des-femmes-rencontre-avec-mathilde-assistante-conducteur-travaux-chez-idec-sante\/","og_locale":"en_US","og_type":"article","og_title":"International Women\u2019s Day: Interview with Mathilde, Assistant Works Supervisor at IDEC SANT\u00c9 - IDEC SANT\u00c9","og_description":"To mark International Women\u2019s Day on March 8, Mathilde, Assistant Works Supervisor at IDEC SANT\u00c9, agreed to answer our questions.\u00a0Mathilde is an engineering student specializing in construction and public works&hellip;","og_url":"https:\/\/idec-sante.com\/en\/journee-internationale-des-droits-des-femmes-rencontre-avec-mathilde-assistante-conducteur-travaux-chez-idec-sante\/","og_site_name":"IDEC SANT\u00c9","article_published_time":"2022-03-08T18:01:37+00:00","article_modified_time":"2023-03-25T09:58:00+00:00","og_image":[{"width":1440,"height":810,"url":"https:\/\/idec-sante.com\/wp-content\/uploads\/sites\/2\/2022\/03\/Photo-Mathilde-1b.jpg","type":"image\/jpeg"}],"author":"J-Michel","twitter_card":"summary_large_image","twitter_misc":{"Written by":"J-Michel","Est. reading time":"4 minutes"},"schema":{"@context":"https:\/\/schema.org","@graph":[{"@type":"Article","@id":"https:\/\/idec-sante.com\/en\/journee-internationale-des-droits-des-femmes-rencontre-avec-mathilde-assistante-conducteur-travaux-chez-idec-sante\/#article","isPartOf":{"@id":"https:\/\/idec-sante.com\/en\/journee-internationale-des-droits-des-femmes-rencontre-avec-mathilde-assistante-conducteur-travaux-chez-idec-sante\/"},"author":{"name":"J-Michel","@id":"https:\/\/idec-sante.com\/#\/schema\/person\/5a813b12b606b90093864eabddaf1067"},"headline":"International Women\u2019s Day: Interview with Mathilde, Assistant Works Supervisor at IDEC SANT\u00c9","datePublished":"2022-03-08T18:01:37+00:00","dateModified":"2023-03-25T09:58:00+00:00","mainEntityOfPage":{"@id":"https:\/\/idec-sante.com\/en\/journee-internationale-des-droits-des-femmes-rencontre-avec-mathilde-assistante-conducteur-travaux-chez-idec-sante\/"},"wordCount":703,"publisher":{"@id":"https:\/\/idec-sante.com\/#organization"},"image":{"@id":"https:\/\/idec-sante.com\/en\/journee-internationale-des-droits-des-femmes-rencontre-avec-mathilde-assistante-conducteur-travaux-chez-idec-sante\/#primaryimage"},"thumbnailUrl":"https:\/\/idec-sante.com\/wp-content\/uploads\/sites\/2\/2022\/03\/Photo-Mathilde-1b.jpg","articleSection":["Actualit\u00e9s flux GRID INFO","News","News flux GRID INFO EN"],"inLanguage":"en-US"},{"@type":"WebPage","@id":"https:\/\/idec-sante.com\/en\/journee-internationale-des-droits-des-femmes-rencontre-avec-mathilde-assistante-conducteur-travaux-chez-idec-sante\/","url":"https:\/\/idec-sante.com\/en\/journee-internationale-des-droits-des-femmes-rencontre-avec-mathilde-assistante-conducteur-travaux-chez-idec-sante\/","name":"International Women\u2019s Day: Interview with Mathilde, Assistant Works Supervisor at IDEC SANT\u00c9 - IDEC SANT\u00c9","isPartOf":{"@id":"https:\/\/idec-sante.com\/#website"},"primaryImageOfPage":{"@id":"https:\/\/idec-sante.com\/en\/journee-internationale-des-droits-des-femmes-rencontre-avec-mathilde-assistante-conducteur-travaux-chez-idec-sante\/#primaryimage"},"image":{"@id":"https:\/\/idec-sante.com\/en\/journee-internationale-des-droits-des-femmes-rencontre-avec-mathilde-assistante-conducteur-travaux-chez-idec-sante\/#primaryimage"},"thumbnailUrl":"https:\/\/idec-sante.com\/wp-content\/uploads\/sites\/2\/2022\/03\/Photo-Mathilde-1b.jpg","datePublished":"2022-03-08T18:01:37+00:00","dateModified":"2023-03-25T09:58:00+00:00","breadcrumb":{"@id":"https:\/\/idec-sante.com\/en\/journee-internationale-des-droits-des-femmes-rencontre-avec-mathilde-assistante-conducteur-travaux-chez-idec-sante\/#breadcrumb"},"inLanguage":"en-US","potentialAction":[{"@type":"ReadAction","target":["https:\/\/idec-sante.com\/en\/journee-internationale-des-droits-des-femmes-rencontre-avec-mathilde-assistante-conducteur-travaux-chez-idec-sante\/"]}]},{"@type":"ImageObject","inLanguage":"en-US","@id":"https:\/\/idec-sante.com\/en\/journee-internationale-des-droits-des-femmes-rencontre-avec-mathilde-assistante-conducteur-travaux-chez-idec-sante\/#primaryimage","url":"https:\/\/idec-sante.com\/wp-content\/uploads\/sites\/2\/2022\/03\/Photo-Mathilde-1b.jpg","contentUrl":"https:\/\/idec-sante.com\/wp-content\/uploads\/sites\/2\/2022\/03\/Photo-Mathilde-1b.jpg","width":1440,"height":810},{"@type":"BreadcrumbList","@id":"https:\/\/idec-sante.com\/en\/journee-internationale-des-droits-des-femmes-rencontre-avec-mathilde-assistante-conducteur-travaux-chez-idec-sante\/#breadcrumb","itemListElement":[{"@type":"ListItem","position":1,"name":"Accueil","item":"https:\/\/idec-sante.com\/en\/"},{"@type":"ListItem","position":2,"name":"International Women\u2019s Day: Interview with Mathilde, Assistant Works Supervisor at IDEC SANT\u00c9"}]},{"@type":"WebSite","@id":"https:\/\/idec-sante.com\/#website","url":"https:\/\/idec-sante.com\/","name":"IDEC SANT\u00c9","description":"D\u00e9couvrez IDEC SANTE, le sp\u00e9cialiste de la conception et de la construction cl\u00e9 en main de site industriels pharmaceutique, cosm\u00e9tique et de bio-technologie","publisher":{"@id":"https:\/\/idec-sante.com\/#organization"},"potentialAction":[{"@type":"SearchAction","target":{"@type":"EntryPoint","urlTemplate":"https:\/\/idec-sante.com\/?s={search_term_string}"},"query-input":{"@type":"PropertyValueSpecification","valueRequired":true,"valueName":"search_term_string"}}],"inLanguage":"en-US"},{"@type":"Organization","@id":"https:\/\/idec-sante.com\/#organization","name":"IDEC SANT\u00c9","url":"https:\/\/idec-sante.com\/","logo":{"@type":"ImageObject","inLanguage":"en-US","@id":"https:\/\/idec-sante.com\/#\/schema\/logo\/image\/","url":"https:\/\/idec-sante.com\/wp-content\/uploads\/sites\/2\/2021\/08\/logo-idec-sante-130x155-blc-fond-violet.png","contentUrl":"https:\/\/idec-sante.com\/wp-content\/uploads\/sites\/2\/2021\/08\/logo-idec-sante-130x155-blc-fond-violet.png","width":130,"height":155,"caption":"IDEC SANT\u00c9"},"image":{"@id":"https:\/\/idec-sante.com\/#\/schema\/logo\/image\/"},"sameAs":["https:\/\/www.linkedin.com\/company\/idec-sante\/"]},{"@type":"Person","@id":"https:\/\/idec-sante.com\/#\/schema\/person\/5a813b12b606b90093864eabddaf1067","name":"J-Michel","image":{"@type":"ImageObject","inLanguage":"en-US","@id":"https:\/\/secure.gravatar.com\/avatar\/8112561cfb89241ffe7ea765b7ec7b5ac1b9e4657aa6f87aec6721658152e18b?s=96&d=mm&r=g","url":"https:\/\/secure.gravatar.com\/avatar\/8112561cfb89241ffe7ea765b7ec7b5ac1b9e4657aa6f87aec6721658152e18b?s=96&d=mm&r=g","contentUrl":"https:\/\/secure.gravatar.com\/avatar\/8112561cfb89241ffe7ea765b7ec7b5ac1b9e4657aa6f87aec6721658152e18b?s=96&d=mm&r=g","caption":"J-Michel"},"sameAs":["https:\/\/idec-grandsud.com\/idec-sante\/"]}]}},"_links":{"self":[{"href":"https:\/\/idec-sante.com\/en\/wp-json\/wp\/v2\/posts\/70899","targetHints":{"allow":["GET"]}}],"collection":[{"href":"https:\/\/idec-sante.com\/en\/wp-json\/wp\/v2\/posts"}],"about":[{"href":"https:\/\/idec-sante.com\/en\/wp-json\/wp\/v2\/types\/post"}],"author":[{"embeddable":true,"href":"https:\/\/idec-sante.com\/en\/wp-json\/wp\/v2\/users\/1"}],"replies":[{"embeddable":true,"href":"https:\/\/idec-sante.com\/en\/wp-json\/wp\/v2\/comments?post=70899"}],"version-history":[{"count":1,"href":"https:\/\/idec-sante.com\/en\/wp-json\/wp\/v2\/posts\/70899\/revisions"}],"predecessor-version":[{"id":70901,"href":"https:\/\/idec-sante.com\/en\/wp-json\/wp\/v2\/posts\/70899\/revisions\/70901"}],"wp:featuredmedia":[{"embeddable":true,"href":"https:\/\/idec-sante.com\/en\/wp-json\/wp\/v2\/media\/69162"}],"wp:attachment":[{"href":"https:\/\/idec-sante.com\/en\/wp-json\/wp\/v2\/media?parent=70899"}],"wp:term":[{"taxonomy":"category","embeddable":true,"href":"https:\/\/idec-sante.com\/en\/wp-json\/wp\/v2\/categories?post=70899"},{"taxonomy":"post_tag","embeddable":true,"href":"https:\/\/idec-sante.com\/en\/wp-json\/wp\/v2\/tags?post=70899"}],"curies":[{"name":"wp","href":"https:\/\/api.w.org\/{rel}","templated":true}]}}